{"id":2471,"date":"2026-05-01T13:35:05","date_gmt":"2026-05-01T13:35:05","guid":{"rendered":"https:\/\/curtavitoriaaminas.com.br\/iv\/?p=2471"},"modified":"2026-05-01T16:49:51","modified_gmt":"2026-05-01T16:49:51","slug":"cvm-iv-comeca-a-gravar-historias-nas-cidades-mineiras-e-capixabas","status":"publish","type":"post","link":"https:\/\/curtavitoriaaminas.com.br\/iv\/cvm-iv-comeca-a-gravar-historias-nas-cidades-mineiras-e-capixabas\/","title":{"rendered":"CVM IV come\u00e7a a gravar hist\u00f3rias nas cidades mineiras e capixabas"},"content":{"rendered":"\n<p>Os autores e autoras das hist\u00f3rias selecionadas pelo Curta Vit\u00f3ria a Minas IV est\u00e3o prontos para o set de filmagem. Depois das aulas te\u00f3ricas e pr\u00e1ticas de cinema e da pr\u00e9-produ\u00e7\u00e3o, chegou a hora de gravar as hist\u00f3rias vindas de cidades do entorno da Estrada de Ferro Vit\u00f3ria a Minas. Um diretor de fotografia, um t\u00e9cnico de som, uma produtora e um assistente de c\u00e2mera se somar\u00e3o \u00e0 equipe local formada por moradores das comunidades para a realiza\u00e7\u00e3o das obras audiovisuais.<\/p>\n\n\n\n<p>Ao todo ser\u00e3o gravados sete curtas-metragens. Um em cada cidade com hist\u00f3ria selecionada. O Curta Vit\u00f3ria a Minas \u00e9 patrocinado pela Vale, por meio da Lei Rouanet (Lei Federal de Incentivo \u00e0 Cultura), com a realiza\u00e7\u00e3o do Instituto Marlin Azul, Minist\u00e9rio da Cultura\/Governo Federal. O objetivo do projeto \u00e9 possibilitar aos moradores das cidades que se desenvolveram ao longo da Estrada de Ferro Vit\u00f3ria a Minas a oportunidade de contar hist\u00f3rias e transformar em filme, registrando as mem\u00f3rias, os costumes, os h\u00e1bitos, as lendas e as peculiaridades destas localidades, contribuindo para o fortalecimento territorial e comunit\u00e1rio.<\/p>\n\n\n\n<p><strong>Primeira parada: Nova Era<\/strong><\/p>\n\n\n\n<p>A primeira grava\u00e7\u00e3o come\u00e7ou no dia 30 de abril e prosseguir\u00e1 at\u00e9 03 de maio, em Nova Era, Minas Gerais. A cidade teve hist\u00f3rias selecionadas nas quatro edi\u00e7\u00f5es do projeto. Desta vez, quem est\u00e1 transformando uma hist\u00f3ria em filme \u00e9 a administradora e jornalista Poliana Ara\u00fajo Guerra. \u201cEu Sou \u00e9 Eu Mesma\u201d resgata fragmentos da mem\u00f3ria da nova erense, revela sua jornada de luta, coragem e esperan\u00e7a para reencontrar a si mesma ap\u00f3s sobreviver a um grave acidente de carro que a deixou entre a vida e a morte.<\/p>\n\n\n\n<p>\u201cEstou sem f\u00f4lego, de tanta excita\u00e7\u00e3o! Extasiada com o processo em si e com o processo em mim! Com o processo em si, pela dimens\u00e3o deste projeto lindo de fazer do cinema arte popular, misturando profissionais e amadores em sua trama e democratizando o acesso a esta arte imensa! Com o processo em mim, porque reviver e reconstruir estas pe\u00e7as apagadas de meu quebra-cabe\u00e7as de vida tem sido nada menos que cat\u00e1rtico. Reconstruir estes momentos t\u00e3o graves feitos supera\u00e7\u00e3o est\u00e1 me deixando com a emo\u00e7\u00e3o \u00e0 flor da pele, full time. J\u00e1 me fez chorar v\u00e1rias vezes, mas um choro gostoso, de quem passou por cima e est\u00e1 fazendo de tudo hist\u00f3ria! Estou mais encantada que fiquei desde o curso audiovisual, em Vit\u00f3ria (se isto \u00e9 poss\u00edvel), com os profissionais me acompanhando nesta constru\u00e7\u00e3o linda e coletiva! Estou sem ar!\u201d, relata Poliana.<\/p>\n\n\n\n<p><strong>P\u00e9 na estrada<\/strong><\/p>\n\n\n\n<p>Acompanhe o cronograma das filmagens: \u201cEu Sou \u00e9 Eu Mesma\u201d, de Poliana Ara\u00fajo Guerra, de Nova Era\/MG (30\/04 a 03\/05); \u201cPedro Al\u00e9m do Alc\u00e2ntara\u201d, de Miriam Mercedes Firmo, de Jo\u00e3o Monlevade\/MG (06 a 09\/05); \u201cNo Meio de Tudo e do Nada\u201d, de Maria da Concei\u00e7\u00e3o Costa, de Belo Oriente\/MG (12 a 15\/05); \u201cNoite de Natal\u201d, de Lucia Elena Nunes Beliz\u00e1rio, de Conselheiro Pena\/MG (18 a 21\/05); \u201cJulyta e o Zeppelin\u201d, de Geremias Pignaton, de Ibira\u00e7u\/ES (24 a 27\/05); \u201cInvent\u00e1rio da Inf\u00e2ncia\u201d, de Helder Guastti da Silva, de Jo\u00e3o Neiva\/ES (29\/05 a 01\/06); e \u201c\u00c1guas de 1979\u201d, de T\u00e2nia Reis, de Aimor\u00e9s\/MG (04 a 07\/06).<\/p>\n\n\n\n<p>Uma das hist\u00f3rias capixabas desta edi\u00e7\u00e3o \u00e9 \u201cInvent\u00e1rio da Inf\u00e2ncia\u201d, do professor Helder Guastti da Silva, de Jo\u00e3o Neiva, no Esp\u00edrito Santo. O autor aproveitou a pr\u00e9-produ\u00e7\u00e3o para ressignificar o roteiro e planejar as melhores maneiras de abordar visualmente o desejo de construir uma mem\u00f3ria sens\u00edvel das inf\u00e2ncias atravessadas pelo territ\u00f3rio do Bairro de F\u00e1tima, aproximando corpo, espa\u00e7o e tempo.<\/p>\n\n\n\n<p>\u201cEsses meses de pr\u00e9-produ\u00e7\u00e3o foram intensos, de muita emo\u00e7\u00e3o e de participa\u00e7\u00e3o comunit\u00e1ria. A ansiedade para as grava\u00e7\u00f5es est\u00e1 bem elevada! Em nosso filme, buscaremos trazer cenas que n\u00e3o esperam dramatiza\u00e7\u00f5es, mas sim a verdade po\u00e9tica do cotidiano, revelando como crian\u00e7as e idosos compartilham gestos, lembran\u00e7as e afetos das brincadeiras. Nosso maior desejo, para al\u00e9m de realizar um belo registro audiovisual, \u00e9 mostrar que a cultura do morro existe, persiste e resiste, sempre com muitas cores e afetos entrela\u00e7ados!\u201d, destaca Helder.<\/p>\n\n\n\n<p>Ap\u00f3s a montagem e finaliza\u00e7\u00e3o, as obras ser\u00e3o exibidas numa telona montada em ruas e pra\u00e7as das cidades em sess\u00f5es abertas e gratuitas para as comunidades, em datas que ainda ser\u00e3o divulgadas. Para conhecer as obras produzidas na primeira e segunda edi\u00e7\u00f5es do projeto, acesse o site curtavitoriaaminas.com.br.<\/p>\n\n\n\n<p>Texto: Simony Leite Siqueira<\/p>\n\n\n\n<p>Foto: Mariana de Lima<\/p>\n","protected":false},"excerpt":{"rendered":"<p>Os autores e autoras das hist\u00f3rias selecionadas pelo Curta Vit\u00f3ria a Minas IV est\u00e3o prontos para o set de filmagem. Depois das aulas te\u00f3ricas e pr\u00e1ticas de cinema e da pr\u00e9-produ\u00e7\u00e3o, chegou a hora de gravar as hist\u00f3rias vindas de cidades do entorno da Estrada de Ferro Vit\u00f3ria a Minas. Um diretor de fotografia, um [&hellip;]<\/p>\n","protected":false},"author":4,"featured_media":2473,"comment_status":"closed","ping_status":"open","sticky":false,"template":"","format":"standard","meta":{"_acf_changed":false,"_uag_custom_page_level_css":"","ngg_post_thumbnail":0,"footnotes":""},"categories":[1,11],"tags":[],"class_list":["post-2471","post","type-post","status-publish","format-standard","has-post-thumbnail","hentry","category-blog","category-noticias-noticias"],"acf":[],"uagb_featured_image_src":{"full":["https:\/\/curtavitoriaaminas.com.br\/iv\/wp-content\/uploads\/Dia-1-Gravacao-Eu-Sou-e-Eu-Mesma-Poliana-Guerra-Nova-Era-CVM-IV-IMA-1.jpeg",1600,1066,false],"thumbnail":["https:\/\/curtavitoriaaminas.com.br\/iv\/wp-content\/uploads\/Dia-1-Gravacao-Eu-Sou-e-Eu-Mesma-Poliana-Guerra-Nova-Era-CVM-IV-IMA-1-150x150.jpeg",150,150,true],"medium":["https:\/\/curtavitoriaaminas.com.br\/iv\/wp-content\/uploads\/Dia-1-Gravacao-Eu-Sou-e-Eu-Mesma-Poliana-Guerra-Nova-Era-CVM-IV-IMA-1-300x200.jpeg",300,200,true],"medium_large":["https:\/\/curtavitoriaaminas.com.br\/iv\/wp-content\/uploads\/Dia-1-Gravacao-Eu-Sou-e-Eu-Mesma-Poliana-Guerra-Nova-Era-CVM-IV-IMA-1-768x512.jpeg",768,512,true],"large":["https:\/\/curtavitoriaaminas.com.br\/iv\/wp-content\/uploads\/Dia-1-Gravacao-Eu-Sou-e-Eu-Mesma-Poliana-Guerra-Nova-Era-CVM-IV-IMA-1-1024x682.jpeg",1024,682,true],"1536x1536":["https:\/\/curtavitoriaaminas.com.br\/iv\/wp-content\/uploads\/Dia-1-Gravacao-Eu-Sou-e-Eu-Mesma-Poliana-Guerra-Nova-Era-CVM-IV-IMA-1-1536x1023.jpeg",1536,1023,true],"2048x2048":["https:\/\/curtavitoriaaminas.com.br\/iv\/wp-content\/uploads\/Dia-1-Gravacao-Eu-Sou-e-Eu-Mesma-Poliana-Guerra-Nova-Era-CVM-IV-IMA-1.jpeg",1600,1066,false]},"uagb_author_info":{"display_name":"simony","author_link":"https:\/\/curtavitoriaaminas.com.br\/iv\/author\/simony\/"},"uagb_comment_info":0,"uagb_excerpt":"Os autores e autoras das hist\u00f3rias selecionadas pelo Curta Vit\u00f3ria a Minas IV est\u00e3o prontos para o set de filmagem. Depois das aulas te\u00f3ricas e pr\u00e1ticas de cinema e da pr\u00e9-produ\u00e7\u00e3o, chegou a hora de gravar as hist\u00f3rias vindas de cidades do entorno da Estrada de Ferro Vit\u00f3ria a Minas. Um diretor de fotografia, um&hellip;","_links":{"self":[{"href":"https:\/\/curtavitoriaaminas.com.br\/iv\/wp-json\/wp\/v2\/posts\/2471","targetHints":{"allow":["GET"]}}],"collection":[{"href":"https:\/\/curtavitoriaaminas.com.br\/iv\/wp-json\/wp\/v2\/posts"}],"about":[{"href":"https:\/\/curtavitoriaaminas.com.br\/iv\/wp-json\/wp\/v2\/types\/post"}],"author":[{"embeddable":true,"href":"https:\/\/curtavitoriaaminas.com.br\/iv\/wp-json\/wp\/v2\/users\/4"}],"replies":[{"embeddable":true,"href":"https:\/\/curtavitoriaaminas.com.br\/iv\/wp-json\/wp\/v2\/comments?post=2471"}],"version-history":[{"count":1,"href":"https:\/\/curtavitoriaaminas.com.br\/iv\/wp-json\/wp\/v2\/posts\/2471\/revisions"}],"predecessor-version":[{"id":2472,"href":"https:\/\/curtavitoriaaminas.com.br\/iv\/wp-json\/wp\/v2\/posts\/2471\/revisions\/2472"}],"wp:featuredmedia":[{"embeddable":true,"href":"https:\/\/curtavitoriaaminas.com.br\/iv\/wp-json\/wp\/v2\/media\/2473"}],"wp:attachment":[{"href":"https:\/\/curtavitoriaaminas.com.br\/iv\/wp-json\/wp\/v2\/media?parent=2471"}],"wp:term":[{"taxonomy":"category","embeddable":true,"href":"https:\/\/curtavitoriaaminas.com.br\/iv\/wp-json\/wp\/v2\/categories?post=2471"},{"taxonomy":"post_tag","embeddable":true,"href":"https:\/\/curtavitoriaaminas.com.br\/iv\/wp-json\/wp\/v2\/tags?post=2471"}],"curies":[{"name":"wp","href":"https:\/\/api.w.org\/{rel}","templated":true}]}}